{"id":4343,"date":"2023-03-28T15:47:27","date_gmt":"2023-03-28T13:47:27","guid":{"rendered":"https:\/\/roedvigferieby.dk\/?p=4343"},"modified":"2025-09-04T16:10:24","modified_gmt":"2025-09-04T14:10:24","slug":"sommer-yoga-im-roedvig-ferieby","status":"publish","type":"post","link":"https:\/\/roedvigferieby.dk\/de\/sommer-yoga-im-roedvig-ferieby\/","title":{"rendered":"Sommer-Yoga im R\u00f8dvig Ferieby"},"content":{"rendered":"<p><strong><span style=\"color: #ff0000;\">[Die Saison 2025 ist vorbei]<\/span><\/strong><\/p>\n<h2>Sommer-Yoga im R\u00f8dvig Ferieby<\/h2>\n<p>G\u00f6nnen Sie sich sanftes Hatha Yoga mit einem besonderen Stil im R\u00f8dvig Ferieby. Diese Sessions werden von der Yoga-Lehrerin Eva Andersen angeleitet. Diese entspannte Form des Yogas richtet sich sowohl an Frauen als auch an M\u00e4nner \u2013 egal ob erfahren oder unerfahren. Falls das Wetter es zul\u00e4sst, machen wir Yoga im Freien.<\/p>\n<p>Die Termine f\u00fcr 2026 werden im Fr\u00fchjahr 2026 bekannt gegeben.<\/p>\n<p>Eine vorherige Anmeldung ist nicht erforderlich und Sie k\u00f6nnen einfach an der Rezeption erscheinen.<\/p>\n<p>Folgende Dinge sollten Sie mitbringen: eine Yoga-Matte (falls vorhanden), eine Decke, warme Socken und etwas zu trinken. Kleiden Sie sich bitte dem Wetter entsprechend.<\/p>\n<p>Preis: 75,- DKK pro Person.<\/p>\n<p>&nbsp;<\/p>\n","protected":false},"excerpt":{"rendered":"<p>[Die Saison 2025 ist vorbei] Sommer-Yoga im R\u00f8dvig Ferieby G\u00f6nnen Sie sich sanftes Hatha Yoga mit einem besonderen Stil im R\u00f8dvig Ferieby. Diese Sessions werden von der Yoga-Lehrerin Eva Andersen angeleitet. Diese entspannte Form des Yogas richtet sich sowohl an Frauen als auch an M\u00e4nner \u2013 egal ob erfahren oder unerfahren. Falls das Wetter es [&hellip;]<\/p>\n","protected":false},"author":1,"featured_media":2098,"comment_status":"open","ping_status":"open","sticky":false,"template":"","format":"standard","meta":{"footnotes":""},"categories":[11],"tags":[],"class_list":["post-4343","post","type-post","status-publish","format-standard","has-post-thumbnail","hentry","category-unkategorisiert"],"yoast_head":"<!-- This site is optimized with the Yoast SEO plugin v27.5 - https:\/\/yoast.com\/product\/yoast-seo-wordpress\/ -->\n<title>Sommer-Yoga im R\u00f8dvig Ferieby<\/title>\n<meta name=\"description\" content=\"W\u00e4hrend des Sommers bieten wir Ihnen Yoga-Stunden im R\u00f8dvig Ferieby an. Die Termine f\u00fcr 2026 werden im Fr\u00fchjahr 2026 bekannt gegeben.\" \/>\n<meta name=\"robots\" content=\"index, follow, max-snippet:-1, max-image-preview:large, max-video-preview:-1\" \/>\n<link rel=\"canonical\" href=\"https:\/\/roedvigferieby.dk\/de\/sommer-yoga-im-roedvig-ferieby\/\" \/>\n<meta property=\"og:locale\" content=\"de_DE\" \/>\n<meta property=\"og:type\" content=\"article\" \/>\n<meta property=\"og:title\" content=\"Sommer-Yoga im R\u00f8dvig Ferieby\" \/>\n<meta property=\"og:description\" content=\"W\u00e4hrend des Sommers bieten wir Ihnen Yoga-Stunden im R\u00f8dvig Ferieby an. Die Termine f\u00fcr 2026 werden im Fr\u00fchjahr 2026 bekannt gegeben.\" \/>\n<meta property=\"og:url\" content=\"https:\/\/roedvigferieby.dk\/de\/sommer-yoga-im-roedvig-ferieby\/\" \/>\n<meta property=\"og:site_name\" content=\"R\u00f8dvig Ferieby\" \/>\n<meta property=\"article:publisher\" content=\"https:\/\/www.facebook.com\/roedvigferieby\" \/>\n<meta property=\"article:published_time\" content=\"2023-03-28T13:47:27+00:00\" \/>\n<meta property=\"article:modified_time\" content=\"2025-09-04T14:10:24+00:00\" \/>\n<meta property=\"og:image\" content=\"https:\/\/roedvigferieby.dk\/wp-content\/uploads\/2022\/11\/kike-vega-F2qh3yjz6Jk-unsplash.jpg\" \/>\n\t<meta property=\"og:image:width\" content=\"1920\" \/>\n\t<meta property=\"og:image:height\" content=\"1210\" \/>\n\t<meta property=\"og:image:type\" content=\"image\/jpeg\" \/>\n<meta name=\"author\" content=\"R\u00f8dvig Ferieby\" \/>\n<meta name=\"twitter:card\" content=\"summary_large_image\" \/>\n<meta name=\"twitter:label1\" content=\"Verfasst von\" \/>\n\t<meta name=\"twitter:data1\" content=\"R\u00f8dvig Ferieby\" \/>\n\t<meta name=\"twitter:label2\" content=\"Gesch\u00e4tzte Lesezeit\" \/>\n\t<meta name=\"twitter:data2\" content=\"1\u00a0Minute\" \/>\n<script type=\"application\/ld+json\" class=\"yoast-schema-graph\">{\"@context\":\"https:\\\/\\\/schema.org\",\"@graph\":[{\"@type\":\"Article\",\"@id\":\"https:\\\/\\\/roedvigferieby.dk\\\/de\\\/sommer-yoga-im-roedvig-ferieby\\\/#article\",\"isPartOf\":{\"@id\":\"https:\\\/\\\/roedvigferieby.dk\\\/de\\\/sommer-yoga-im-roedvig-ferieby\\\/\"},\"author\":{\"name\":\"R\u00f8dvig Ferieby\",\"@id\":\"https:\\\/\\\/roedvigferieby.dk\\\/de\\\/#\\\/schema\\\/person\\\/5109780b6f1fa19efd02d6109d0e6e52\"},\"headline\":\"Sommer-Yoga im R\u00f8dvig Ferieby\",\"datePublished\":\"2023-03-28T13:47:27+00:00\",\"dateModified\":\"2025-09-04T14:10:24+00:00\",\"mainEntityOfPage\":{\"@id\":\"https:\\\/\\\/roedvigferieby.dk\\\/de\\\/sommer-yoga-im-roedvig-ferieby\\\/\"},\"wordCount\":124,\"commentCount\":0,\"publisher\":{\"@id\":\"https:\\\/\\\/roedvigferieby.dk\\\/de\\\/#organization\"},\"image\":{\"@id\":\"https:\\\/\\\/roedvigferieby.dk\\\/de\\\/sommer-yoga-im-roedvig-ferieby\\\/#primaryimage\"},\"thumbnailUrl\":\"https:\\\/\\\/roedvigferieby.dk\\\/wp-content\\\/uploads\\\/2022\\\/11\\\/kike-vega-F2qh3yjz6Jk-unsplash.jpg\",\"articleSection\":[\"Unkategorisiert\"],\"inLanguage\":\"de\",\"potentialAction\":[{\"@type\":\"CommentAction\",\"name\":\"Comment\",\"target\":[\"https:\\\/\\\/roedvigferieby.dk\\\/de\\\/sommer-yoga-im-roedvig-ferieby\\\/#respond\"]}]},{\"@type\":\"WebPage\",\"@id\":\"https:\\\/\\\/roedvigferieby.dk\\\/de\\\/sommer-yoga-im-roedvig-ferieby\\\/\",\"url\":\"https:\\\/\\\/roedvigferieby.dk\\\/de\\\/sommer-yoga-im-roedvig-ferieby\\\/\",\"name\":\"Sommer-Yoga im R\u00f8dvig Ferieby\",\"isPartOf\":{\"@id\":\"https:\\\/\\\/roedvigferieby.dk\\\/de\\\/#website\"},\"primaryImageOfPage\":{\"@id\":\"https:\\\/\\\/roedvigferieby.dk\\\/de\\\/sommer-yoga-im-roedvig-ferieby\\\/#primaryimage\"},\"image\":{\"@id\":\"https:\\\/\\\/roedvigferieby.dk\\\/de\\\/sommer-yoga-im-roedvig-ferieby\\\/#primaryimage\"},\"thumbnailUrl\":\"https:\\\/\\\/roedvigferieby.dk\\\/wp-content\\\/uploads\\\/2022\\\/11\\\/kike-vega-F2qh3yjz6Jk-unsplash.jpg\",\"datePublished\":\"2023-03-28T13:47:27+00:00\",\"dateModified\":\"2025-09-04T14:10:24+00:00\",\"description\":\"W\u00e4hrend des Sommers bieten wir Ihnen Yoga-Stunden im R\u00f8dvig Ferieby an. Die Termine f\u00fcr 2026 werden im Fr\u00fchjahr 2026 bekannt gegeben.\",\"breadcrumb\":{\"@id\":\"https:\\\/\\\/roedvigferieby.dk\\\/de\\\/sommer-yoga-im-roedvig-ferieby\\\/#breadcrumb\"},\"inLanguage\":\"de\",\"potentialAction\":[{\"@type\":\"ReadAction\",\"target\":[\"https:\\\/\\\/roedvigferieby.dk\\\/de\\\/sommer-yoga-im-roedvig-ferieby\\\/\"]}]},{\"@type\":\"ImageObject\",\"inLanguage\":\"de\",\"@id\":\"https:\\\/\\\/roedvigferieby.dk\\\/de\\\/sommer-yoga-im-roedvig-ferieby\\\/#primaryimage\",\"url\":\"https:\\\/\\\/roedvigferieby.dk\\\/wp-content\\\/uploads\\\/2022\\\/11\\\/kike-vega-F2qh3yjz6Jk-unsplash.jpg\",\"contentUrl\":\"https:\\\/\\\/roedvigferieby.dk\\\/wp-content\\\/uploads\\\/2022\\\/11\\\/kike-vega-F2qh3yjz6Jk-unsplash.jpg\",\"width\":1920,\"height\":1210,\"caption\":\"R\u00f8dvig Ferieby I Ferie I Fest I B&B I Konference I Natursk\u00f8nne omgivelser med skov, marker, kyst og klint\"},{\"@type\":\"BreadcrumbList\",\"@id\":\"https:\\\/\\\/roedvigferieby.dk\\\/de\\\/sommer-yoga-im-roedvig-ferieby\\\/#breadcrumb\",\"itemListElement\":[{\"@type\":\"ListItem\",\"position\":1,\"name\":\"Hjem\",\"item\":\"https:\\\/\\\/roedvigferieby.dk\\\/de\\\/\"},{\"@type\":\"ListItem\",\"position\":2,\"name\":\"Sommer-Yoga im R\u00f8dvig Ferieby\"}]},{\"@type\":\"WebSite\",\"@id\":\"https:\\\/\\\/roedvigferieby.dk\\\/de\\\/#website\",\"url\":\"https:\\\/\\\/roedvigferieby.dk\\\/de\\\/\",\"name\":\"R\u00f8dvig Ferieby\",\"description\":\"Ferieby, kursus- og konferencested n\u00e6r Stevns Klint i natursk\u00f8nne omgivelser\",\"publisher\":{\"@id\":\"https:\\\/\\\/roedvigferieby.dk\\\/de\\\/#organization\"},\"potentialAction\":[{\"@type\":\"SearchAction\",\"target\":{\"@type\":\"EntryPoint\",\"urlTemplate\":\"https:\\\/\\\/roedvigferieby.dk\\\/de\\\/?s={search_term_string}\"},\"query-input\":{\"@type\":\"PropertyValueSpecification\",\"valueRequired\":true,\"valueName\":\"search_term_string\"}}],\"inLanguage\":\"de\"},{\"@type\":\"Organization\",\"@id\":\"https:\\\/\\\/roedvigferieby.dk\\\/de\\\/#organization\",\"name\":\"R\u00f8dvig Ferieby\",\"url\":\"https:\\\/\\\/roedvigferieby.dk\\\/de\\\/\",\"logo\":{\"@type\":\"ImageObject\",\"inLanguage\":\"de\",\"@id\":\"https:\\\/\\\/roedvigferieby.dk\\\/de\\\/#\\\/schema\\\/logo\\\/image\\\/\",\"url\":\"https:\\\/\\\/roedvigferieby.dk\\\/ny\\\/wp-content\\\/uploads\\\/2022\\\/11\\\/RF-LOGO.png\",\"contentUrl\":\"https:\\\/\\\/roedvigferieby.dk\\\/ny\\\/wp-content\\\/uploads\\\/2022\\\/11\\\/RF-LOGO.png\",\"width\":700,\"height\":250,\"caption\":\"R\u00f8dvig Ferieby\"},\"image\":{\"@id\":\"https:\\\/\\\/roedvigferieby.dk\\\/de\\\/#\\\/schema\\\/logo\\\/image\\\/\"},\"sameAs\":[\"https:\\\/\\\/www.facebook.com\\\/roedvigferieby\",\"https:\\\/\\\/www.instagram.com\\\/roedvigferieby\\\/\"]},{\"@type\":\"Person\",\"@id\":\"https:\\\/\\\/roedvigferieby.dk\\\/de\\\/#\\\/schema\\\/person\\\/5109780b6f1fa19efd02d6109d0e6e52\",\"name\":\"R\u00f8dvig Ferieby\",\"image\":{\"@type\":\"ImageObject\",\"inLanguage\":\"de\",\"@id\":\"https:\\\/\\\/secure.gravatar.com\\\/avatar\\\/140b91dcd04d453d3dafc3fccc9a20cef7488821a3f2b8695f22002f9f624383?s=96&d=mm&r=g\",\"url\":\"https:\\\/\\\/secure.gravatar.com\\\/avatar\\\/140b91dcd04d453d3dafc3fccc9a20cef7488821a3f2b8695f22002f9f624383?s=96&d=mm&r=g\",\"contentUrl\":\"https:\\\/\\\/secure.gravatar.com\\\/avatar\\\/140b91dcd04d453d3dafc3fccc9a20cef7488821a3f2b8695f22002f9f624383?s=96&d=mm&r=g\",\"caption\":\"R\u00f8dvig Ferieby\"},\"url\":\"https:\\\/\\\/roedvigferieby.dk\\\/de\\\/author\\\/millemanou234\\\/\"}]}<\/script>\n<!-- \/ Yoast SEO plugin. -->","yoast_head_json":{"title":"Sommer-Yoga im R\u00f8dvig Ferieby","description":"W\u00e4hrend des Sommers bieten wir Ihnen Yoga-Stunden im R\u00f8dvig Ferieby an. Die Termine f\u00fcr 2026 werden im Fr\u00fchjahr 2026 bekannt gegeben.","robots":{"index":"index","follow":"follow","max-snippet":"max-snippet:-1","max-image-preview":"max-image-preview:large","max-video-preview":"max-video-preview:-1"},"canonical":"https:\/\/roedvigferieby.dk\/de\/sommer-yoga-im-roedvig-ferieby\/","og_locale":"de_DE","og_type":"article","og_title":"Sommer-Yoga im R\u00f8dvig Ferieby","og_description":"W\u00e4hrend des Sommers bieten wir Ihnen Yoga-Stunden im R\u00f8dvig Ferieby an. Die Termine f\u00fcr 2026 werden im Fr\u00fchjahr 2026 bekannt gegeben.","og_url":"https:\/\/roedvigferieby.dk\/de\/sommer-yoga-im-roedvig-ferieby\/","og_site_name":"R\u00f8dvig Ferieby","article_publisher":"https:\/\/www.facebook.com\/roedvigferieby","article_published_time":"2023-03-28T13:47:27+00:00","article_modified_time":"2025-09-04T14:10:24+00:00","og_image":[{"width":1920,"height":1210,"url":"https:\/\/roedvigferieby.dk\/wp-content\/uploads\/2022\/11\/kike-vega-F2qh3yjz6Jk-unsplash.jpg","type":"image\/jpeg"}],"author":"R\u00f8dvig Ferieby","twitter_card":"summary_large_image","twitter_misc":{"Verfasst von":"R\u00f8dvig Ferieby","Gesch\u00e4tzte Lesezeit":"1\u00a0Minute"},"schema":{"@context":"https:\/\/schema.org","@graph":[{"@type":"Article","@id":"https:\/\/roedvigferieby.dk\/de\/sommer-yoga-im-roedvig-ferieby\/#article","isPartOf":{"@id":"https:\/\/roedvigferieby.dk\/de\/sommer-yoga-im-roedvig-ferieby\/"},"author":{"name":"R\u00f8dvig Ferieby","@id":"https:\/\/roedvigferieby.dk\/de\/#\/schema\/person\/5109780b6f1fa19efd02d6109d0e6e52"},"headline":"Sommer-Yoga im R\u00f8dvig Ferieby","datePublished":"2023-03-28T13:47:27+00:00","dateModified":"2025-09-04T14:10:24+00:00","mainEntityOfPage":{"@id":"https:\/\/roedvigferieby.dk\/de\/sommer-yoga-im-roedvig-ferieby\/"},"wordCount":124,"commentCount":0,"publisher":{"@id":"https:\/\/roedvigferieby.dk\/de\/#organization"},"image":{"@id":"https:\/\/roedvigferieby.dk\/de\/sommer-yoga-im-roedvig-ferieby\/#primaryimage"},"thumbnailUrl":"https:\/\/roedvigferieby.dk\/wp-content\/uploads\/2022\/11\/kike-vega-F2qh3yjz6Jk-unsplash.jpg","articleSection":["Unkategorisiert"],"inLanguage":"de","potentialAction":[{"@type":"CommentAction","name":"Comment","target":["https:\/\/roedvigferieby.dk\/de\/sommer-yoga-im-roedvig-ferieby\/#respond"]}]},{"@type":"WebPage","@id":"https:\/\/roedvigferieby.dk\/de\/sommer-yoga-im-roedvig-ferieby\/","url":"https:\/\/roedvigferieby.dk\/de\/sommer-yoga-im-roedvig-ferieby\/","name":"Sommer-Yoga im R\u00f8dvig Ferieby","isPartOf":{"@id":"https:\/\/roedvigferieby.dk\/de\/#website"},"primaryImageOfPage":{"@id":"https:\/\/roedvigferieby.dk\/de\/sommer-yoga-im-roedvig-ferieby\/#primaryimage"},"image":{"@id":"https:\/\/roedvigferieby.dk\/de\/sommer-yoga-im-roedvig-ferieby\/#primaryimage"},"thumbnailUrl":"https:\/\/roedvigferieby.dk\/wp-content\/uploads\/2022\/11\/kike-vega-F2qh3yjz6Jk-unsplash.jpg","datePublished":"2023-03-28T13:47:27+00:00","dateModified":"2025-09-04T14:10:24+00:00","description":"W\u00e4hrend des Sommers bieten wir Ihnen Yoga-Stunden im R\u00f8dvig Ferieby an. Die Termine f\u00fcr 2026 werden im Fr\u00fchjahr 2026 bekannt gegeben.","breadcrumb":{"@id":"https:\/\/roedvigferieby.dk\/de\/sommer-yoga-im-roedvig-ferieby\/#breadcrumb"},"inLanguage":"de","potentialAction":[{"@type":"ReadAction","target":["https:\/\/roedvigferieby.dk\/de\/sommer-yoga-im-roedvig-ferieby\/"]}]},{"@type":"ImageObject","inLanguage":"de","@id":"https:\/\/roedvigferieby.dk\/de\/sommer-yoga-im-roedvig-ferieby\/#primaryimage","url":"https:\/\/roedvigferieby.dk\/wp-content\/uploads\/2022\/11\/kike-vega-F2qh3yjz6Jk-unsplash.jpg","contentUrl":"https:\/\/roedvigferieby.dk\/wp-content\/uploads\/2022\/11\/kike-vega-F2qh3yjz6Jk-unsplash.jpg","width":1920,"height":1210,"caption":"R\u00f8dvig Ferieby I Ferie I Fest I B&B I Konference I Natursk\u00f8nne omgivelser med skov, marker, kyst og klint"},{"@type":"BreadcrumbList","@id":"https:\/\/roedvigferieby.dk\/de\/sommer-yoga-im-roedvig-ferieby\/#breadcrumb","itemListElement":[{"@type":"ListItem","position":1,"name":"Hjem","item":"https:\/\/roedvigferieby.dk\/de\/"},{"@type":"ListItem","position":2,"name":"Sommer-Yoga im R\u00f8dvig Ferieby"}]},{"@type":"WebSite","@id":"https:\/\/roedvigferieby.dk\/de\/#website","url":"https:\/\/roedvigferieby.dk\/de\/","name":"R\u00f8dvig Ferieby","description":"Ferieby, kursus- og konferencested n\u00e6r Stevns Klint i natursk\u00f8nne omgivelser","publisher":{"@id":"https:\/\/roedvigferieby.dk\/de\/#organization"},"potentialAction":[{"@type":"SearchAction","target":{"@type":"EntryPoint","urlTemplate":"https:\/\/roedvigferieby.dk\/de\/?s={search_term_string}"},"query-input":{"@type":"PropertyValueSpecification","valueRequired":true,"valueName":"search_term_string"}}],"inLanguage":"de"},{"@type":"Organization","@id":"https:\/\/roedvigferieby.dk\/de\/#organization","name":"R\u00f8dvig Ferieby","url":"https:\/\/roedvigferieby.dk\/de\/","logo":{"@type":"ImageObject","inLanguage":"de","@id":"https:\/\/roedvigferieby.dk\/de\/#\/schema\/logo\/image\/","url":"https:\/\/roedvigferieby.dk\/ny\/wp-content\/uploads\/2022\/11\/RF-LOGO.png","contentUrl":"https:\/\/roedvigferieby.dk\/ny\/wp-content\/uploads\/2022\/11\/RF-LOGO.png","width":700,"height":250,"caption":"R\u00f8dvig Ferieby"},"image":{"@id":"https:\/\/roedvigferieby.dk\/de\/#\/schema\/logo\/image\/"},"sameAs":["https:\/\/www.facebook.com\/roedvigferieby","https:\/\/www.instagram.com\/roedvigferieby\/"]},{"@type":"Person","@id":"https:\/\/roedvigferieby.dk\/de\/#\/schema\/person\/5109780b6f1fa19efd02d6109d0e6e52","name":"R\u00f8dvig Ferieby","image":{"@type":"ImageObject","inLanguage":"de","@id":"https:\/\/secure.gravatar.com\/avatar\/140b91dcd04d453d3dafc3fccc9a20cef7488821a3f2b8695f22002f9f624383?s=96&d=mm&r=g","url":"https:\/\/secure.gravatar.com\/avatar\/140b91dcd04d453d3dafc3fccc9a20cef7488821a3f2b8695f22002f9f624383?s=96&d=mm&r=g","contentUrl":"https:\/\/secure.gravatar.com\/avatar\/140b91dcd04d453d3dafc3fccc9a20cef7488821a3f2b8695f22002f9f624383?s=96&d=mm&r=g","caption":"R\u00f8dvig Ferieby"},"url":"https:\/\/roedvigferieby.dk\/de\/author\/millemanou234\/"}]}},"_links":{"self":[{"href":"https:\/\/roedvigferieby.dk\/de\/wp-json\/wp\/v2\/posts\/4343","targetHints":{"allow":["GET"]}}],"collection":[{"href":"https:\/\/roedvigferieby.dk\/de\/wp-json\/wp\/v2\/posts"}],"about":[{"href":"https:\/\/roedvigferieby.dk\/de\/wp-json\/wp\/v2\/types\/post"}],"author":[{"embeddable":true,"href":"https:\/\/roedvigferieby.dk\/de\/wp-json\/wp\/v2\/users\/1"}],"replies":[{"embeddable":true,"href":"https:\/\/roedvigferieby.dk\/de\/wp-json\/wp\/v2\/comments?post=4343"}],"version-history":[{"count":7,"href":"https:\/\/roedvigferieby.dk\/de\/wp-json\/wp\/v2\/posts\/4343\/revisions"}],"predecessor-version":[{"id":6894,"href":"https:\/\/roedvigferieby.dk\/de\/wp-json\/wp\/v2\/posts\/4343\/revisions\/6894"}],"wp:featuredmedia":[{"embeddable":true,"href":"https:\/\/roedvigferieby.dk\/de\/wp-json\/wp\/v2\/media\/2098"}],"wp:attachment":[{"href":"https:\/\/roedvigferieby.dk\/de\/wp-json\/wp\/v2\/media?parent=4343"}],"wp:term":[{"taxonomy":"category","embeddable":true,"href":"https:\/\/roedvigferieby.dk\/de\/wp-json\/wp\/v2\/categories?post=4343"},{"taxonomy":"post_tag","embeddable":true,"href":"https:\/\/roedvigferieby.dk\/de\/wp-json\/wp\/v2\/tags?post=4343"}],"curies":[{"name":"wp","href":"https:\/\/api.w.org\/{rel}","templated":true}]}}