{"id":3382,"date":"2023-01-07T11:17:17","date_gmt":"2023-01-07T10:17:17","guid":{"rendered":"https:\/\/roedvigferieby.dk\/ny\/?p=3382"},"modified":"2026-04-01T13:54:16","modified_gmt":"2026-04-01T11:54:16","slug":"fahrraeder-mieten","status":"publish","type":"post","link":"https:\/\/roedvigferieby.dk\/de\/fahrraeder-mieten\/","title":{"rendered":"Leihfahrr\u00e4der in Stevns"},"content":{"rendered":"\t\t<div data-elementor-type=\"wp-post\" data-elementor-id=\"3382\" class=\"elementor elementor-3382 elementor-2618\" data-elementor-post-type=\"post\">\n\t\t\t\t\t\t<section data-particle_enable=\"false\" data-particle-mobile-disabled=\"false\" class=\"elementor-section elementor-top-section elementor-element elementor-element-4d97a57b elementor-section-boxed elementor-section-height-default elementor-section-height-default\" data-id=\"4d97a57b\" data-element_type=\"section\" data-e-type=\"section\">\n\t\t\t\t\t\t<div class=\"elementor-container elementor-column-gap-default\">\n\t\t\t\t\t<div class=\"elementor-column elementor-col-100 elementor-top-column elementor-element elementor-element-5a8c5312\" data-id=\"5a8c5312\" data-element_type=\"column\" data-e-type=\"column\">\n\t\t\t<div class=\"elementor-widget-wrap elementor-element-populated\">\n\t\t\t\t\t\t<div class=\"elementor-element elementor-element-7a4a2a9f elementor-widget elementor-widget-text-editor\" data-id=\"7a4a2a9f\" data-element_type=\"widget\" data-e-type=\"widget\" data-widget_type=\"text-editor.default\">\n\t\t\t\t<div class=\"elementor-widget-container\">\n\t\t\t\t\t\t\t\t\t<h2><strong>Lej cykler p\u00e5 Stevns<\/strong><\/h2><p>Hvis du vil rundt p\u00e5 Stevns p\u00e5 cykel, er der mulighed for at leje cykler via en app og hente cyklen hos os i R\u00f8dvig Ferieby.<\/p><p>De orange Donkey Republic cykler er hele vejen langs Stevns Klint , hvor de kan lejes eller afleveres p\u00e5 de forskellige cykel &#8220;spots&#8221;. P\u00e5 den m\u00e5de kan du kombinere vandre- og cykeltur.<\/p><p>For at kunne leje en cykel, skal du f\u00f8rst downloade app&#8217;en &#8211; til iPhones <a href=\"https:\/\/apps.apple.com\/dk\/app\/donkey-republic\/id933526449?l=da\">her<\/a> og til Android <a href=\"https:\/\/play.google.com\/store\/apps\/details?id=com.donkeyrepublic.bike.android&amp;referrer=utm_source%3Ddonkey.bike%26utm_medium%3Dhero%26utm_content%3Ddownload-button%26utm_campaign%3Dfrontpage-download\">her<\/a>.<\/p><h3><img fetchpriority=\"high\" decoding=\"async\" class=\"alignnone wp-image-2619 size-full\" src=\"https:\/\/roedvigferieby.dk\/wp-content\/uploads\/2023\/01\/Donkeybike_alle-768x432-1.jpg\" alt=\"R\u00f8dvig Ferieby I Ferie I B&amp;B I Konference I Lejrskole i natursk\u00f8nne omgivelser\" width=\"768\" height=\"432\" srcset=\"https:\/\/roedvigferieby.dk\/wp-content\/uploads\/2023\/01\/Donkeybike_alle-768x432-1.jpg 768w, https:\/\/roedvigferieby.dk\/wp-content\/uploads\/2023\/01\/Donkeybike_alle-768x432-1-300x169.jpg 300w\" sizes=\"(max-width: 768px) 100vw, 768px\" \/><\/h3><h3><strong>Her kan du leje eller aflevere cykler<\/strong><\/h3><p>Boesdal Kalkbrud<br \/>B\u00f8geskov Havn<br \/>Feriebyens Camping<br \/>Holtug Forsamlingshus<br \/>Kilden STU \/ Store Heddinge Station<br \/>Strandhotel Klinten<br \/>FORT<br \/>Lund Forsamlingshus<br \/>R\u00f8dvig Kro &amp; Badehotel<br \/>R\u00f8dvig Havn<br \/>R\u00f8dvig Ferieby<br \/>Stevns Camping<br \/>Stevns Fyrcenter<br \/>Trakt\u00f8rstedet Gjorslev B\u00f8geskov<br \/>Trakt\u00f8rstedet H\u00f8jeruplund<br \/>Mandehoved<\/p><h3><strong>F\u00e5 mere information i vores reception.<\/strong><\/h3>\t\t\t\t\t\t\t\t<\/div>\n\t\t\t\t<\/div>\n\t\t\t\t\t<\/div>\n\t\t<\/div>\n\t\t\t\t\t<\/div>\n\t\t<\/section>\n\t\t\t\t<\/div>\n\t\t","protected":false},"excerpt":{"rendered":"<p>Leihfahrr\u00e4der in Stevns Wenn Sie Stevns mit dem Fahrrad erkunden m\u00f6chten, k\u00f6nnen Sie \u00fcber eine App Fahrr\u00e4der mieten und diese bei uns im R\u00f8dvig Ferieby abholen. Entlang der K\u00fcstenlinie von Stevns Klint finden Sie viele Stationen mit den orangefarbenen Fahrr\u00e4dern von Donkey Republic. An diesen Stationen k\u00f6nnen Sie die Fahrr\u00e4der jederzeit nach Belieben abholen und [&hellip;]<\/p>\n","protected":false},"author":3,"featured_media":2621,"comment_status":"open","ping_status":"open","sticky":false,"template":"","format":"standard","meta":{"footnotes":""},"categories":[24],"tags":[],"class_list":["post-3382","post","type-post","status-publish","format-standard","has-post-thumbnail","hentry","category-angebote"],"yoast_head":"<!-- This site is optimized with the Yoast SEO plugin v27.5 - https:\/\/yoast.com\/product\/yoast-seo-wordpress\/ -->\n<title>Leihfahrr\u00e4der in Stevns I R\u00f8dvig Ferieby I Donkey Republic<\/title>\n<meta name=\"description\" content=\"Wenn Sie Stevns mit dem Fahrrad erkunden m\u00f6chten, k\u00f6nnen Sie \u00fcber eine App Fahrr\u00e4der mieten und diese bei uns im R\u00f8dvig Ferieby abholen.\" \/>\n<meta name=\"robots\" content=\"index, follow, max-snippet:-1, max-image-preview:large, max-video-preview:-1\" \/>\n<link rel=\"canonical\" href=\"https:\/\/roedvigferieby.dk\/de\/fahrraeder-mieten\/\" \/>\n<meta property=\"og:locale\" content=\"de_DE\" \/>\n<meta property=\"og:type\" content=\"article\" \/>\n<meta property=\"og:title\" content=\"Leihfahrr\u00e4der in Stevns I R\u00f8dvig Ferieby I Donkey Republic\" \/>\n<meta property=\"og:description\" content=\"Wenn Sie Stevns mit dem Fahrrad erkunden m\u00f6chten, k\u00f6nnen Sie \u00fcber eine App Fahrr\u00e4der mieten und diese bei uns im R\u00f8dvig Ferieby abholen.\" \/>\n<meta property=\"og:url\" content=\"https:\/\/roedvigferieby.dk\/de\/fahrraeder-mieten\/\" \/>\n<meta property=\"og:site_name\" content=\"R\u00f8dvig Ferieby\" \/>\n<meta property=\"article:publisher\" content=\"https:\/\/www.facebook.com\/roedvigferieby\" \/>\n<meta property=\"article:published_time\" content=\"2023-01-07T10:17:17+00:00\" \/>\n<meta property=\"article:modified_time\" content=\"2026-04-01T11:54:16+00:00\" \/>\n<meta property=\"og:image\" content=\"https:\/\/roedvigferieby.dk\/wp-content\/uploads\/2023\/01\/Donkeybike_alle-768x432-1.jpg\" \/>\n\t<meta property=\"og:image:width\" content=\"768\" \/>\n\t<meta property=\"og:image:height\" content=\"432\" \/>\n\t<meta property=\"og:image:type\" content=\"image\/jpeg\" \/>\n<meta name=\"author\" content=\"R\u00f8dvig Ferieby\" \/>\n<meta name=\"twitter:card\" content=\"summary_large_image\" \/>\n<meta name=\"twitter:label1\" content=\"Verfasst von\" \/>\n\t<meta name=\"twitter:data1\" content=\"R\u00f8dvig Ferieby\" \/>\n\t<meta name=\"twitter:label2\" content=\"Gesch\u00e4tzte Lesezeit\" \/>\n\t<meta name=\"twitter:data2\" content=\"2\u00a0Minuten\" \/>\n<script type=\"application\/ld+json\" class=\"yoast-schema-graph\">{\"@context\":\"https:\\\/\\\/schema.org\",\"@graph\":[{\"@type\":\"Article\",\"@id\":\"https:\\\/\\\/roedvigferieby.dk\\\/de\\\/fahrraeder-mieten\\\/#article\",\"isPartOf\":{\"@id\":\"https:\\\/\\\/roedvigferieby.dk\\\/de\\\/fahrraeder-mieten\\\/\"},\"author\":{\"name\":\"R\u00f8dvig Ferieby\",\"@id\":\"https:\\\/\\\/roedvigferieby.dk\\\/de\\\/#\\\/schema\\\/person\\\/996c199c95fe70ea1f58f441a4bb534e\"},\"headline\":\"Leihfahrr\u00e4der in Stevns\",\"datePublished\":\"2023-01-07T10:17:17+00:00\",\"dateModified\":\"2026-04-01T11:54:16+00:00\",\"mainEntityOfPage\":{\"@id\":\"https:\\\/\\\/roedvigferieby.dk\\\/de\\\/fahrraeder-mieten\\\/\"},\"wordCount\":178,\"commentCount\":0,\"publisher\":{\"@id\":\"https:\\\/\\\/roedvigferieby.dk\\\/de\\\/#organization\"},\"image\":{\"@id\":\"https:\\\/\\\/roedvigferieby.dk\\\/de\\\/fahrraeder-mieten\\\/#primaryimage\"},\"thumbnailUrl\":\"https:\\\/\\\/roedvigferieby.dk\\\/wp-content\\\/uploads\\\/2023\\\/01\\\/Donkeybike_alle-768x432-1.jpg\",\"articleSection\":[\"Angebote\"],\"inLanguage\":\"de\",\"potentialAction\":[{\"@type\":\"CommentAction\",\"name\":\"Comment\",\"target\":[\"https:\\\/\\\/roedvigferieby.dk\\\/de\\\/fahrraeder-mieten\\\/#respond\"]}]},{\"@type\":\"WebPage\",\"@id\":\"https:\\\/\\\/roedvigferieby.dk\\\/de\\\/fahrraeder-mieten\\\/\",\"url\":\"https:\\\/\\\/roedvigferieby.dk\\\/de\\\/fahrraeder-mieten\\\/\",\"name\":\"Leihfahrr\u00e4der in Stevns I R\u00f8dvig Ferieby I Donkey Republic\",\"isPartOf\":{\"@id\":\"https:\\\/\\\/roedvigferieby.dk\\\/de\\\/#website\"},\"primaryImageOfPage\":{\"@id\":\"https:\\\/\\\/roedvigferieby.dk\\\/de\\\/fahrraeder-mieten\\\/#primaryimage\"},\"image\":{\"@id\":\"https:\\\/\\\/roedvigferieby.dk\\\/de\\\/fahrraeder-mieten\\\/#primaryimage\"},\"thumbnailUrl\":\"https:\\\/\\\/roedvigferieby.dk\\\/wp-content\\\/uploads\\\/2023\\\/01\\\/Donkeybike_alle-768x432-1.jpg\",\"datePublished\":\"2023-01-07T10:17:17+00:00\",\"dateModified\":\"2026-04-01T11:54:16+00:00\",\"description\":\"Wenn Sie Stevns mit dem Fahrrad erkunden m\u00f6chten, k\u00f6nnen Sie \u00fcber eine App Fahrr\u00e4der mieten und diese bei uns im R\u00f8dvig Ferieby abholen.\",\"breadcrumb\":{\"@id\":\"https:\\\/\\\/roedvigferieby.dk\\\/de\\\/fahrraeder-mieten\\\/#breadcrumb\"},\"inLanguage\":\"de\",\"potentialAction\":[{\"@type\":\"ReadAction\",\"target\":[\"https:\\\/\\\/roedvigferieby.dk\\\/de\\\/fahrraeder-mieten\\\/\"]}]},{\"@type\":\"ImageObject\",\"inLanguage\":\"de\",\"@id\":\"https:\\\/\\\/roedvigferieby.dk\\\/de\\\/fahrraeder-mieten\\\/#primaryimage\",\"url\":\"https:\\\/\\\/roedvigferieby.dk\\\/wp-content\\\/uploads\\\/2023\\\/01\\\/Donkeybike_alle-768x432-1.jpg\",\"contentUrl\":\"https:\\\/\\\/roedvigferieby.dk\\\/wp-content\\\/uploads\\\/2023\\\/01\\\/Donkeybike_alle-768x432-1.jpg\",\"width\":768,\"height\":432,\"caption\":\"R\u00f8dvig Ferieby I Ferie I B&amp;B I Konference I Lejrskole i natursk\u00f8nne omgivelser\"},{\"@type\":\"BreadcrumbList\",\"@id\":\"https:\\\/\\\/roedvigferieby.dk\\\/de\\\/fahrraeder-mieten\\\/#breadcrumb\",\"itemListElement\":[{\"@type\":\"ListItem\",\"position\":1,\"name\":\"Hjem\",\"item\":\"https:\\\/\\\/roedvigferieby.dk\\\/de\\\/\"},{\"@type\":\"ListItem\",\"position\":2,\"name\":\"Leihfahrr\u00e4der in Stevns\"}]},{\"@type\":\"WebSite\",\"@id\":\"https:\\\/\\\/roedvigferieby.dk\\\/de\\\/#website\",\"url\":\"https:\\\/\\\/roedvigferieby.dk\\\/de\\\/\",\"name\":\"R\u00f8dvig Ferieby\",\"description\":\"Ferieby, kursus- og konferencested n\u00e6r Stevns Klint i natursk\u00f8nne omgivelser\",\"publisher\":{\"@id\":\"https:\\\/\\\/roedvigferieby.dk\\\/de\\\/#organization\"},\"potentialAction\":[{\"@type\":\"SearchAction\",\"target\":{\"@type\":\"EntryPoint\",\"urlTemplate\":\"https:\\\/\\\/roedvigferieby.dk\\\/de\\\/?s={search_term_string}\"},\"query-input\":{\"@type\":\"PropertyValueSpecification\",\"valueRequired\":true,\"valueName\":\"search_term_string\"}}],\"inLanguage\":\"de\"},{\"@type\":\"Organization\",\"@id\":\"https:\\\/\\\/roedvigferieby.dk\\\/de\\\/#organization\",\"name\":\"R\u00f8dvig Ferieby\",\"url\":\"https:\\\/\\\/roedvigferieby.dk\\\/de\\\/\",\"logo\":{\"@type\":\"ImageObject\",\"inLanguage\":\"de\",\"@id\":\"https:\\\/\\\/roedvigferieby.dk\\\/de\\\/#\\\/schema\\\/logo\\\/image\\\/\",\"url\":\"https:\\\/\\\/roedvigferieby.dk\\\/ny\\\/wp-content\\\/uploads\\\/2022\\\/11\\\/RF-LOGO.png\",\"contentUrl\":\"https:\\\/\\\/roedvigferieby.dk\\\/ny\\\/wp-content\\\/uploads\\\/2022\\\/11\\\/RF-LOGO.png\",\"width\":700,\"height\":250,\"caption\":\"R\u00f8dvig Ferieby\"},\"image\":{\"@id\":\"https:\\\/\\\/roedvigferieby.dk\\\/de\\\/#\\\/schema\\\/logo\\\/image\\\/\"},\"sameAs\":[\"https:\\\/\\\/www.facebook.com\\\/roedvigferieby\",\"https:\\\/\\\/www.instagram.com\\\/roedvigferieby\\\/\"]},{\"@type\":\"Person\",\"@id\":\"https:\\\/\\\/roedvigferieby.dk\\\/de\\\/#\\\/schema\\\/person\\\/996c199c95fe70ea1f58f441a4bb534e\",\"name\":\"R\u00f8dvig Ferieby\",\"image\":{\"@type\":\"ImageObject\",\"inLanguage\":\"de\",\"@id\":\"https:\\\/\\\/secure.gravatar.com\\\/avatar\\\/c4fcd214abd9d25386bfa5ba55ee7c5444225a4a9e68c16da19c8d48a500b055?s=96&d=mm&r=g\",\"url\":\"https:\\\/\\\/secure.gravatar.com\\\/avatar\\\/c4fcd214abd9d25386bfa5ba55ee7c5444225a4a9e68c16da19c8d48a500b055?s=96&d=mm&r=g\",\"contentUrl\":\"https:\\\/\\\/secure.gravatar.com\\\/avatar\\\/c4fcd214abd9d25386bfa5ba55ee7c5444225a4a9e68c16da19c8d48a500b055?s=96&d=mm&r=g\",\"caption\":\"R\u00f8dvig Ferieby\"},\"url\":\"https:\\\/\\\/roedvigferieby.dk\\\/de\\\/author\\\/rodvig-ferieby\\\/\"}]}<\/script>\n<!-- \/ Yoast SEO plugin. -->","yoast_head_json":{"title":"Leihfahrr\u00e4der in Stevns I R\u00f8dvig Ferieby I Donkey Republic","description":"Wenn Sie Stevns mit dem Fahrrad erkunden m\u00f6chten, k\u00f6nnen Sie \u00fcber eine App Fahrr\u00e4der mieten und diese bei uns im R\u00f8dvig Ferieby abholen.","robots":{"index":"index","follow":"follow","max-snippet":"max-snippet:-1","max-image-preview":"max-image-preview:large","max-video-preview":"max-video-preview:-1"},"canonical":"https:\/\/roedvigferieby.dk\/de\/fahrraeder-mieten\/","og_locale":"de_DE","og_type":"article","og_title":"Leihfahrr\u00e4der in Stevns I R\u00f8dvig Ferieby I Donkey Republic","og_description":"Wenn Sie Stevns mit dem Fahrrad erkunden m\u00f6chten, k\u00f6nnen Sie \u00fcber eine App Fahrr\u00e4der mieten und diese bei uns im R\u00f8dvig Ferieby abholen.","og_url":"https:\/\/roedvigferieby.dk\/de\/fahrraeder-mieten\/","og_site_name":"R\u00f8dvig Ferieby","article_publisher":"https:\/\/www.facebook.com\/roedvigferieby","article_published_time":"2023-01-07T10:17:17+00:00","article_modified_time":"2026-04-01T11:54:16+00:00","og_image":[{"width":768,"height":432,"url":"https:\/\/roedvigferieby.dk\/wp-content\/uploads\/2023\/01\/Donkeybike_alle-768x432-1.jpg","type":"image\/jpeg"}],"author":"R\u00f8dvig Ferieby","twitter_card":"summary_large_image","twitter_misc":{"Verfasst von":"R\u00f8dvig Ferieby","Gesch\u00e4tzte Lesezeit":"2\u00a0Minuten"},"schema":{"@context":"https:\/\/schema.org","@graph":[{"@type":"Article","@id":"https:\/\/roedvigferieby.dk\/de\/fahrraeder-mieten\/#article","isPartOf":{"@id":"https:\/\/roedvigferieby.dk\/de\/fahrraeder-mieten\/"},"author":{"name":"R\u00f8dvig Ferieby","@id":"https:\/\/roedvigferieby.dk\/de\/#\/schema\/person\/996c199c95fe70ea1f58f441a4bb534e"},"headline":"Leihfahrr\u00e4der in Stevns","datePublished":"2023-01-07T10:17:17+00:00","dateModified":"2026-04-01T11:54:16+00:00","mainEntityOfPage":{"@id":"https:\/\/roedvigferieby.dk\/de\/fahrraeder-mieten\/"},"wordCount":178,"commentCount":0,"publisher":{"@id":"https:\/\/roedvigferieby.dk\/de\/#organization"},"image":{"@id":"https:\/\/roedvigferieby.dk\/de\/fahrraeder-mieten\/#primaryimage"},"thumbnailUrl":"https:\/\/roedvigferieby.dk\/wp-content\/uploads\/2023\/01\/Donkeybike_alle-768x432-1.jpg","articleSection":["Angebote"],"inLanguage":"de","potentialAction":[{"@type":"CommentAction","name":"Comment","target":["https:\/\/roedvigferieby.dk\/de\/fahrraeder-mieten\/#respond"]}]},{"@type":"WebPage","@id":"https:\/\/roedvigferieby.dk\/de\/fahrraeder-mieten\/","url":"https:\/\/roedvigferieby.dk\/de\/fahrraeder-mieten\/","name":"Leihfahrr\u00e4der in Stevns I R\u00f8dvig Ferieby I Donkey Republic","isPartOf":{"@id":"https:\/\/roedvigferieby.dk\/de\/#website"},"primaryImageOfPage":{"@id":"https:\/\/roedvigferieby.dk\/de\/fahrraeder-mieten\/#primaryimage"},"image":{"@id":"https:\/\/roedvigferieby.dk\/de\/fahrraeder-mieten\/#primaryimage"},"thumbnailUrl":"https:\/\/roedvigferieby.dk\/wp-content\/uploads\/2023\/01\/Donkeybike_alle-768x432-1.jpg","datePublished":"2023-01-07T10:17:17+00:00","dateModified":"2026-04-01T11:54:16+00:00","description":"Wenn Sie Stevns mit dem Fahrrad erkunden m\u00f6chten, k\u00f6nnen Sie \u00fcber eine App Fahrr\u00e4der mieten und diese bei uns im R\u00f8dvig Ferieby abholen.","breadcrumb":{"@id":"https:\/\/roedvigferieby.dk\/de\/fahrraeder-mieten\/#breadcrumb"},"inLanguage":"de","potentialAction":[{"@type":"ReadAction","target":["https:\/\/roedvigferieby.dk\/de\/fahrraeder-mieten\/"]}]},{"@type":"ImageObject","inLanguage":"de","@id":"https:\/\/roedvigferieby.dk\/de\/fahrraeder-mieten\/#primaryimage","url":"https:\/\/roedvigferieby.dk\/wp-content\/uploads\/2023\/01\/Donkeybike_alle-768x432-1.jpg","contentUrl":"https:\/\/roedvigferieby.dk\/wp-content\/uploads\/2023\/01\/Donkeybike_alle-768x432-1.jpg","width":768,"height":432,"caption":"R\u00f8dvig Ferieby I Ferie I B&amp;B I Konference I Lejrskole i natursk\u00f8nne omgivelser"},{"@type":"BreadcrumbList","@id":"https:\/\/roedvigferieby.dk\/de\/fahrraeder-mieten\/#breadcrumb","itemListElement":[{"@type":"ListItem","position":1,"name":"Hjem","item":"https:\/\/roedvigferieby.dk\/de\/"},{"@type":"ListItem","position":2,"name":"Leihfahrr\u00e4der in Stevns"}]},{"@type":"WebSite","@id":"https:\/\/roedvigferieby.dk\/de\/#website","url":"https:\/\/roedvigferieby.dk\/de\/","name":"R\u00f8dvig Ferieby","description":"Ferieby, kursus- og konferencested n\u00e6r Stevns Klint i natursk\u00f8nne omgivelser","publisher":{"@id":"https:\/\/roedvigferieby.dk\/de\/#organization"},"potentialAction":[{"@type":"SearchAction","target":{"@type":"EntryPoint","urlTemplate":"https:\/\/roedvigferieby.dk\/de\/?s={search_term_string}"},"query-input":{"@type":"PropertyValueSpecification","valueRequired":true,"valueName":"search_term_string"}}],"inLanguage":"de"},{"@type":"Organization","@id":"https:\/\/roedvigferieby.dk\/de\/#organization","name":"R\u00f8dvig Ferieby","url":"https:\/\/roedvigferieby.dk\/de\/","logo":{"@type":"ImageObject","inLanguage":"de","@id":"https:\/\/roedvigferieby.dk\/de\/#\/schema\/logo\/image\/","url":"https:\/\/roedvigferieby.dk\/ny\/wp-content\/uploads\/2022\/11\/RF-LOGO.png","contentUrl":"https:\/\/roedvigferieby.dk\/ny\/wp-content\/uploads\/2022\/11\/RF-LOGO.png","width":700,"height":250,"caption":"R\u00f8dvig Ferieby"},"image":{"@id":"https:\/\/roedvigferieby.dk\/de\/#\/schema\/logo\/image\/"},"sameAs":["https:\/\/www.facebook.com\/roedvigferieby","https:\/\/www.instagram.com\/roedvigferieby\/"]},{"@type":"Person","@id":"https:\/\/roedvigferieby.dk\/de\/#\/schema\/person\/996c199c95fe70ea1f58f441a4bb534e","name":"R\u00f8dvig Ferieby","image":{"@type":"ImageObject","inLanguage":"de","@id":"https:\/\/secure.gravatar.com\/avatar\/c4fcd214abd9d25386bfa5ba55ee7c5444225a4a9e68c16da19c8d48a500b055?s=96&d=mm&r=g","url":"https:\/\/secure.gravatar.com\/avatar\/c4fcd214abd9d25386bfa5ba55ee7c5444225a4a9e68c16da19c8d48a500b055?s=96&d=mm&r=g","contentUrl":"https:\/\/secure.gravatar.com\/avatar\/c4fcd214abd9d25386bfa5ba55ee7c5444225a4a9e68c16da19c8d48a500b055?s=96&d=mm&r=g","caption":"R\u00f8dvig Ferieby"},"url":"https:\/\/roedvigferieby.dk\/de\/author\/rodvig-ferieby\/"}]}},"_links":{"self":[{"href":"https:\/\/roedvigferieby.dk\/de\/wp-json\/wp\/v2\/posts\/3382","targetHints":{"allow":["GET"]}}],"collection":[{"href":"https:\/\/roedvigferieby.dk\/de\/wp-json\/wp\/v2\/posts"}],"about":[{"href":"https:\/\/roedvigferieby.dk\/de\/wp-json\/wp\/v2\/types\/post"}],"author":[{"embeddable":true,"href":"https:\/\/roedvigferieby.dk\/de\/wp-json\/wp\/v2\/users\/3"}],"replies":[{"embeddable":true,"href":"https:\/\/roedvigferieby.dk\/de\/wp-json\/wp\/v2\/comments?post=3382"}],"version-history":[{"count":7,"href":"https:\/\/roedvigferieby.dk\/de\/wp-json\/wp\/v2\/posts\/3382\/revisions"}],"predecessor-version":[{"id":6756,"href":"https:\/\/roedvigferieby.dk\/de\/wp-json\/wp\/v2\/posts\/3382\/revisions\/6756"}],"wp:featuredmedia":[{"embeddable":true,"href":"https:\/\/roedvigferieby.dk\/de\/wp-json\/wp\/v2\/media\/2621"}],"wp:attachment":[{"href":"https:\/\/roedvigferieby.dk\/de\/wp-json\/wp\/v2\/media?parent=3382"}],"wp:term":[{"taxonomy":"category","embeddable":true,"href":"https:\/\/roedvigferieby.dk\/de\/wp-json\/wp\/v2\/categories?post=3382"},{"taxonomy":"post_tag","embeddable":true,"href":"https:\/\/roedvigferieby.dk\/de\/wp-json\/wp\/v2\/tags?post=3382"}],"curies":[{"name":"wp","href":"https:\/\/api.w.org\/{rel}","templated":true}]}}